{"id":1040,"date":"2012-09-05T14:04:20","date_gmt":"2012-09-05T14:04:20","guid":{"rendered":"http:\/\/www.obec-stasov.cz\/?p=1040"},"modified":"2013-03-28T12:15:10","modified_gmt":"2013-03-28T12:15:10","slug":"oficialni-zapoceti-rekonstrukce-obecniho-uradu","status":"publish","type":"post","link":"http:\/\/www.obec-stasov.cz\/?p=1040","title":{"rendered":"Ofici\u00e1ln\u00ed zapo\u010det\u00ed rekonstrukce obecn\u00edho \u00fa\u0159adu"},"content":{"rendered":"<p>V \u00fater\u00fd 4.z\u00e1\u0159\u00ed byla ofici\u00e1ln\u011b zah\u00e1jena rekonstrukce obecn\u00edho \u00fa\u0159adu, na kter\u00fd obec Sta\u0161ov z\u00edskala dotaci od St\u00e1tn\u00edho Zem\u011bd\u011blsk\u00e9ho Interven\u010dn\u00edho Fondu.<\/p>\n<p>Starosta obce p\u0159edal kl\u00ed\u010de a p\u0159ed\u00e1vac\u00ed protokoly od obecn\u00edho \u00fa\u0159adu p\u0159edstavitel\u016fm firmy Chl\u00e1dek a Tint\u011bra &#8211; firm\u011b, kter\u00e1 vyhr\u00e1la v\u00fdb\u011brov\u00e9 \u0159\u00edzen\u00ed na tuto rekonstrukci.<\/p>\n<p>Dva v\u00edkendy p\u0159ed touto ud\u00e1lost\u00ed se invent\u00e1\u0159 obecn\u00edho \u00fa\u0159adu st\u011bhoval do n\u00e1hradn\u00edch prostor m\u00edstn\u00ed hasi\u010d\u00e1rny, kde z\u016fstane do konce rekonstrukce. Knihy z m\u00edstn\u00ed knihovny se st\u011bhovaly do n\u00e1jemn\u00edho domu \u010d.p.178 do vyh\u0159\u00edvan\u00e9 m\u00edstnosti, tak\u00a0aby nedo\u0161lo k jejich \u00fajm\u011b.<\/p>\n<p>O v\u00edkendech tak\u00e9 do\u0161lo k prodeji vybaven\u00ed obecn\u00edho \u00fa\u0159adu, kter\u00e9 se stalo nadbyte\u010dn\u00fdm a kter\u00e9 m\u016f\u017ee je\u0161t\u011b poslou\u017eit jin\u00fdm. Utr\u017een\u00e9 pen\u00edze zaplat\u00ed opravy hasi\u010d\u00e1rny, kter\u00e9 byly nutnost\u00ed pro \u00fapravy na provizorn\u00ed obecn\u00ed \u00fa\u0159ad.<\/p>\n","protected":false},"excerpt":{"rendered":"<p>V \u00fater\u00fd 4.z\u00e1\u0159\u00ed byla ofici\u00e1ln\u011b zah\u00e1jena rekonstrukce obecn\u00edho \u00fa\u0159adu, na kter\u00fd obec Sta\u0161ov z\u00edskala dotaci od St\u00e1tn\u00edho Zem\u011bd\u011blsk\u00e9ho Interven\u010dn\u00edho Fondu. Starosta obce p\u0159edal kl\u00ed\u010de a p\u0159ed\u00e1vac\u00ed protokoly od obecn\u00edho \u00fa\u0159adu p\u0159edstavitel\u016fm firmy Chl\u00e1dek a Tint\u011bra &#8211; firm\u011b, kter\u00e1 vyhr\u00e1la v\u00fdb\u011brov\u00e9 \u0159\u00edzen\u00ed na tuto rekonstrukci. Dva v\u00edkendy p\u0159ed touto ud\u00e1lost\u00ed se invent\u00e1\u0159 obecn\u00edho \u00fa\u0159adu st\u011bhoval do [&hellip;]<\/p>\n","protected":false},"author":4,"featured_media":0,"comment_status":"open","ping_status":"closed","sticky":false,"template":"","format":"standard","meta":{"footnotes":""},"categories":[2],"tags":[],"_links":{"self":[{"href":"http:\/\/www.obec-stasov.cz\/index.php?rest_route=\/wp\/v2\/posts\/1040"}],"collection":[{"href":"http:\/\/www.obec-stasov.cz\/index.php?rest_route=\/wp\/v2\/posts"}],"about":[{"href":"http:\/\/www.obec-stasov.cz\/index.php?rest_route=\/wp\/v2\/types\/post"}],"author":[{"embeddable":true,"href":"http:\/\/www.obec-stasov.cz\/index.php?rest_route=\/wp\/v2\/users\/4"}],"replies":[{"embeddable":true,"href":"http:\/\/www.obec-stasov.cz\/index.php?rest_route=%2Fwp%2Fv2%2Fcomments&post=1040"}],"version-history":[{"count":2,"href":"http:\/\/www.obec-stasov.cz\/index.php?rest_route=\/wp\/v2\/posts\/1040\/revisions"}],"predecessor-version":[{"id":1205,"href":"http:\/\/www.obec-stasov.cz\/index.php?rest_route=\/wp\/v2\/posts\/1040\/revisions\/1205"}],"wp:attachment":[{"href":"http:\/\/www.obec-stasov.cz\/index.php?rest_route=%2Fwp%2Fv2%2Fmedia&parent=1040"}],"wp:term":[{"taxonomy":"category","embeddable":true,"href":"http:\/\/www.obec-stasov.cz\/index.php?rest_route=%2Fwp%2Fv2%2Fcategories&post=1040"},{"taxonomy":"post_tag","embeddable":true,"href":"http:\/\/www.obec-stasov.cz\/index.php?rest_route=%2Fwp%2Fv2%2Ftags&post=1040"}],"curies":[{"name":"wp","href":"https:\/\/api.w.org\/{rel}","templated":true}]}}