{"id":22,"date":"2007-03-22T15:20:39","date_gmt":"2007-03-22T14:20:39","guid":{"rendered":"http:\/\/obec-stasov.cz\/?p=22"},"modified":"2007-04-08T10:31:53","modified_gmt":"2007-04-08T09:31:53","slug":"historie-a-soucasnost-obce","status":"publish","type":"post","link":"http:\/\/www.obec-stasov.cz\/?p=22","title":{"rendered":"Historie a sou\u010dasnost obce"},"content":{"rendered":"<p><texy><strong>Historie<\/strong><\/p>\n<p>Prvn\u00ed p\u00edsemn\u00e1 zm\u00ednka o existenci osady, p\u016fvodn\u00edm n\u00e1zvem Dittersbach, rozlo\u017een\u00e9 pod\u00e9l potoka K\u0159et\u00ednky, 8 km jihov\u00fdchodn\u011b od Poli\u010dky, poch\u00e1z\u00ed z roku 1557. Jde v\u0161ak o mnohem star\u0161\u00ed lokalitu, je\u017e sv\u00e9 jm\u00e9no dostala po\u00a0 lokatoru Ditrichovi a v n\u00ed\u017e st\u00e1val d\u0159ev\u011bn\u00fd gotick\u00fd kostel (z jeho interi\u00e9ru poch\u00e1zela starobyl\u00e1 socha Madony, uchov\u00e1van\u00e1 je\u0161t\u011b v roce 1677).<!--more-->\u00a0V roce 1850 byla p\u0159\u00edslu\u0161enstv\u00edm hradu Svojanov, kter\u00fd byl tou dobou majetkem Z\u00e1rub\u016f z Hust\u00ed\u0159an. Pozd\u011bji p\u0159ipadla k bystersk\u00e9mu panstv\u00ed, kde se poprv\u00e9 uv\u00e1d\u00ed v roce 1710 a k n\u011bmu\u017e n\u00e1le\u017eela a\u017e do z\u00e1niku feudalismu (p\u0159ipome\u0148me, \u017ee Bystr\u00e9 vlastnila v letech 1707\u20131828 \u0159\u00ed\u0161sk\u00e1 hrabata z Hohenembsu).<\/p>\n<p>Dominantou Sta\u0161ova je mohutn\u00e1 jednolodn\u00ed stavba kostela Nanebevzet\u00ed Panny Marie s t\u0159\u00edpatrovou hranolovou v\u011b\u017e\u00ed v z\u00e1padn\u00edm pr\u016f\u010del\u00ed, vybudovan\u00e1 v roce 1873, n\u00e1hradou za barokn\u00ed svatyni, je\u017e v roce 1856 vyho\u0159ela. Dne 2. \u010dervna roku 1983 zap\u00e1lil \u00fader blesku malou v\u011b\u017e a n\u00e1sledn\u00fd po\u017e\u00e1r zni\u010dil st\u0159echu cel\u00e9ho kostela. Rovn\u011b\u017e spadly ob\u011b v\u011b\u017ee kostela a zvony byly po\u017e\u00e1rem roztaveny. S pomoc\u00ed dobrovoln\u00edk\u016f se poda\u0159ilo kostel opravit i za komunistick\u00e9ho re\u017eimu. Nov\u00e9 slavnostn\u00ed vysv\u011bcen\u00ed kostela provedl dne 30. 10. 1988 tehdej\u0161\u00ed ordin\u00e1\u0159 Kr\u00e1lovehradeck\u00e9 diec\u00e9ze ThDr. Karel Jon\u00e1\u0161. K chr\u00e1n\u011bn\u00fdm historick\u00fdm pam\u00e1tk\u00e1m obce n\u00e1le\u017e\u00ed tak\u00e9 p\u0159ilehl\u00e1 fara,\u00a0d\u016fm \u010d. p. 5, emp\u00edrov\u00e1 stavba z po\u010d\u00e1tku 19. stolet\u00ed. Do katastru obce pat\u0159\u00ed je\u0161t\u011b samota Balda, zvan\u00e1 tak\u00e9 Zlat\u00e1 studna (Waldbrunn, Wald). V 17. stolet\u00ed tu p\u0159i hled\u00e1n\u00ed zlata objevili pramen miner\u00e1ln\u00ed vody, u n\u011bho\u017e pak z\u00e1sluhou hrabat Hohenembs\u016f vyrostly mal\u00e9 l\u00e1zn\u011b (1748) a mari\u00e1nsk\u00e1 kaple. Brzy k nim p\u0159ibyl i z\u00e1mek, kter\u00fd slou\u017eil k ob\u010dasn\u00e9mu pobytu vrchnosti a\u017e do roku 1869, kdy do\u0161lo k jeho adaptaci na ve\u0159ejn\u00fd l\u00e1ze\u0148sk\u00fd d\u016fm. Toto m\u00edsto zasazen\u00e9 do malebn\u00e9 p\u0159\u00edrody, bylo je\u0161t\u011b p\u0159ed 2. sv\u011btovou v\u00e1lkou hojn\u011b nav\u0161t\u011bvov\u00e1no (mimo jin\u00e9 u pob\u00fdval i Jaroslav Vrchlick\u00fd), d\u00edky \u010demu\u017e mohla vzniknout Nov\u00e1 Balda, vzd\u00e1len\u00e1 jen p\u00e1r stovek metr\u016f od star\u00e9ho are\u00e1lu. Na sklonku v\u00e1lky ov\u0161em l\u00e1ze\u0148sk\u00e9 budovy zpustly natolik, \u017ee v letech 1946\u20131947 musely b\u00fdt n\u011bkter\u00e9 z nich zbo\u0159eny (b\u00fdval\u00fd z\u00e1mek). Brzy na to byly zru\u0161eny i samotn\u00e9 l\u00e1zn\u011b. Na Bald\u011b dosud stoj\u00ed poutn\u00ed kaple Panny Marie Sn\u011b\u017en\u00e9, vybudovan\u00e1 po\u010d\u00e1tkem 19. stolet\u00ed, je\u0161t\u011b za Hohenembs\u016f. V sou\u010dasn\u00e9 dob\u011b se r\u00fdsuje re\u00e1ln\u00e1 mo\u017enost aspo\u0148 \u010d\u00e1ste\u010dn\u00e9ho obnoven\u00ed l\u00e1ze\u0148sk\u00e9ho provozu. Sta\u0161ov byl v minulosti z \u010d\u00e1sti zem\u011bd\u011blskou osadou, ob\u017eivu mnoh\u00fdm ze zdej\u0161\u00edch obyvatel poskytovaly m\u00edstn\u00ed, do dne\u0161n\u00ed doby \u010d\u00e1ste\u010dn\u011b provozovan\u00e9 kamenn\u00e9 lomy.<\/p>\n<p><strong>Sou\u010dasnost<\/strong><\/p>\n<p>Obec Sta\u0161ov se rozprost\u00edr\u00e1 na v\u00fdchodn\u00edm okraji okresu Svitavy v oblasti \u010ceskomoravsk\u00e9 vrchoviny o pr\u016fm\u011brn\u00e9 nadmo\u0159sk\u00e9 v\u00fd\u0161ce 585 m a je sou\u010d\u00e1st\u00ed Pardubick\u00e9ho kraje. Nejvy\u0161\u0161\u00edm bodem o nadmo\u0159sk\u00e9 v\u00fd\u0161ce 693 m je Baldsk\u00fd vrch. V obci pramen\u00ed \u0159\u00ed\u010dka K\u0159et\u00ednka. Sta\u0161ov je rovn\u011b\u017e sou\u010d\u00e1st\u00ed mikroregionu Poli\u010dsko, jeho\u017e \u00fazem\u00ed tvo\u0159\u00ed 21 obc\u00ed s celkem 20.046 obyvateli o rozloze 284 km.<\/p>\n<p>V katastru obce \u017eije 255 obyvatel a o v\u00edkendech se po\u010det zvy\u0161uje o chalup\u00e1\u0159e, kte\u0159\u00ed zde vlastn\u00ed 27 rekrea\u010dn\u00edch objekt\u016f. P\u016fsob\u00ed zde 2 firmy podnikaj\u00edc\u00ed v oblast\u00ed zem\u011bd\u011blsk\u00e9 v\u00fdroby a t\u011b\u017eby a zpracov\u00e1n\u00ed kamene. Obec je vybavena prodejnou sm\u00ed\u0161en\u00e9ho zbo\u017e\u00ed a pohostinstv\u00edm. Spojen\u00ed s okoln\u00edmi obcemi je zaji\u0161t\u011bno autobusovou dopravou. V katastru obce je vybudov\u00e1n v\u00edce\u00fa\u010delov\u00fd sportovn\u00ed are\u00e1l, zahrnuj\u00edc\u00ed fotbalov\u00e9 a v\u00edce\u00fa\u010delov\u00e9 h\u0159i\u0161t\u011b. D\u00e1le je zde p\u0159\u00edstupn\u00e1 posilovna v objektu obecn\u00edho \u00fa\u0159adu. V obci p\u016fsob\u00ed hokejov\u00fd a fotbalov\u00fd klub. Hokejov\u00fd klub Sta\u0161ov vyhr\u00e1l ro\u010dn\u00edk 2005\/2006 M\u011bstsk\u00e9 hokejov\u00e9 ligy.<\/p>\n<p>V katastru obce se nach\u00e1zej\u00ed tak\u00e9 l\u00e1zn\u011b \u201eZlat\u00e1 studna Balda\u201c jak ji\u017e bylo zm\u00edn\u011bno v historii obce. V sou\u010dasn\u00e9 dob\u011b je zde poutn\u00ed m\u00edsto s l\u00e9\u010div\u00fdm pramenem, kioskem a kostel\u00edkem. V t\u011bsn\u00e9m sousedstv\u00ed l\u00e1zn\u00ed Balda se nach\u00e1z\u00ed d\u011btsk\u00fd t\u00e1bor Jit\u0159enka. V bl\u00edzk\u00e9m okol\u00ed se nach\u00e1z\u00ed hrad Svojanov, historicky bohat\u00e9 m\u011bsto Bystr\u00e9, m\u011bsto Poli\u010dka rodi\u0161t\u011b Bohuslava Martin\u016f, nebo Litomy\u0161l, m\u00edsto spojen\u00e9 se jm\u00e9nem Bed\u0159icha Smetany.<\/p>\n<p>Obecn\u00ed symboly prezentuj\u00ed Sta\u0161ov jako lokalitu le\u017e\u00edc\u00ed pod\u00e9l potoka (vlnit\u00e1 pata \u0161t\u00edtu a vlnit\u00e1 \u017eer\u010fov\u00e1 \u010d\u00e1st listu vlajky), s existenc\u00ed dvou svaty\u0148 mari\u00e1nsk\u00e9ho patroc\u00ednia (dvojice lili\u00ed), mluv\u00edc\u00edho znamen\u00ed (viz. poetick\u00e9 pojmenov\u00e1n\u00ed Baldy \u2013 Zlat\u00e1 studna), spojen\u00e9ho se symbolikou balsk\u00e9ho z\u0159\u00eddla (tryskaj\u00edc\u00ed pramen vody), modr\u00e1 a st\u0159\u00edbrn\u00e1 jsou nejen tradi\u010dn\u00ed barvy mari\u00e1nsk\u00e9, ale obecn\u011b symbolizuj\u00ed i vodu. A kone\u010dn\u011b spojen\u00ed modr\u00e9 a zlat\u00e9 najdeme v erbu v\u00fdznamn\u00fdch a dlouholet\u00fdch majitel\u016f Sta\u0161ova, hrabat z Hohenembsu (v modr\u00e9m \u0161t\u00edt\u011b p\u016fl zlat\u00e9ho kozoroha s \u010dernou zbroj\u00ed). Symbol rohu je u\u017e\u00edvan\u00fd dlouhodob\u011b na pohlednic\u00edch a jin\u00fdch materi\u00e1lech obce jako logo.<\/p>\n","protected":false},"excerpt":{"rendered":"<p><texy>Prvn\u00ed p\u00edsemn\u00e1 zm\u00ednka o existenci osady, p\u016fvodn\u00edm n\u00e1zvem Dittersbach, rozlo\u017een\u00e9 pod\u00e9l potoka K\u0159et\u00ednky, 8 km jihov\u00fdchodn\u011b od Poli\u010dky, poch\u00e1z\u00ed z roku 1557. Jde v\u0161ak o mnohem star\u0161\u00ed lokalitu, je\u017e &#8230;<\/p>\n","protected":false},"author":1,"featured_media":0,"comment_status":"closed","ping_status":"open","sticky":false,"template":"","format":"standard","meta":{"footnotes":""},"categories":[3],"tags":[],"_links":{"self":[{"href":"http:\/\/www.obec-stasov.cz\/index.php?rest_route=\/wp\/v2\/posts\/22"}],"collection":[{"href":"http:\/\/www.obec-stasov.cz\/index.php?rest_route=\/wp\/v2\/posts"}],"about":[{"href":"http:\/\/www.obec-stasov.cz\/index.php?rest_route=\/wp\/v2\/types\/post"}],"author":[{"embeddable":true,"href":"http:\/\/www.obec-stasov.cz\/index.php?rest_route=\/wp\/v2\/users\/1"}],"replies":[{"embeddable":true,"href":"http:\/\/www.obec-stasov.cz\/index.php?rest_route=%2Fwp%2Fv2%2Fcomments&post=22"}],"version-history":[{"count":0,"href":"http:\/\/www.obec-stasov.cz\/index.php?rest_route=\/wp\/v2\/posts\/22\/revisions"}],"wp:attachment":[{"href":"http:\/\/www.obec-stasov.cz\/index.php?rest_route=%2Fwp%2Fv2%2Fmedia&parent=22"}],"wp:term":[{"taxonomy":"category","embeddable":true,"href":"http:\/\/www.obec-stasov.cz\/index.php?rest_route=%2Fwp%2Fv2%2Fcategories&post=22"},{"taxonomy":"post_tag","embeddable":true,"href":"http:\/\/www.obec-stasov.cz\/index.php?rest_route=%2Fwp%2Fv2%2Ftags&post=22"}],"curies":[{"name":"wp","href":"https:\/\/api.w.org\/{rel}","templated":true}]}}