{"id":6438,"date":"2024-10-07T03:58:16","date_gmt":"2024-10-07T01:58:16","guid":{"rendered":"https:\/\/www.obec-stasov.cz\/?p=6438"},"modified":"2024-10-07T04:02:16","modified_gmt":"2024-10-07T02:02:16","slug":"pozvani-na-blesak-a-besedu-s-romanem-fajmonem-do-puste-rybne","status":"publish","type":"post","link":"http:\/\/www.obec-stasov.cz\/?p=6438","title":{"rendered":"Pozv\u00e1n\u00ed na ble\u0161\u00e1k a besedu s Romanem Fajmonem do Pust\u00e9 Rybn\u00e9"},"content":{"rendered":"\n<p>Dobr\u00fd den,&nbsp;<\/p>\n\n\n\n<p>dovolte mi touto cestou pozvat nejen V\u00e1s, ale i ob\u010dany Va\u0161ich obc\u00ed na Ble\u0161mark konan\u00fd u n\u00e1s v Pust\u00e9 Rybn\u00e9 19. 10. 2024 od 13:00, na kter\u00fd bude od 17:00 navazovat beseda s cestovatelem Romanem Fajmonem, rod\u00e1kem z Pust\u00e9 Rybn\u00e9. Ob\u011b akce se konaj\u00ed na podporu Romana, pro kter\u00e9ho je spu\u0161t\u011bna sb\u00edrka na\u00a0<a href=\"https:\/\/donace.cz\/s-berlemi-za-vami\">https:\/\/donace.cz\/s-berlemi-za-vami<\/a>. N\u00ed\u017ee p\u0159ikl\u00e1d\u00e1m i text p\u0159\u00edmo od Romana.<\/p>\n\n\n\n<p>&#8222;Dobr\u00fd den pan\u00ed starostko,<\/p>\n\n\n\n<p>jmenuji se Rom\u010da Fajmon, narodil jsem se s d\u011btskou mozkovou obrnou \u2013 chod\u00edm o berl\u00edch a na del\u0161\u00ed trasy pou\u017e\u00edv\u00e1m mechanick\u00fd voz\u00edk. Jsem aktivn\u00edm \u0159idi\u010dem speci\u00e1ln\u011b upraven\u00e9ho vozidla. M\u00e1m \u0161t\u011bst\u00ed, \u017ee se cel\u00fd \u017eivot potk\u00e1v\u00e1m se skv\u011bl\u00fdmi lidmi, a proto jim chci v\u011bnovat sv\u016fj \u010das. M\u00fdm dlouhodob\u00fdm snem je \u0159\u00eddit obytnou dod\u00e1vku, kter\u00e1 bude upravena tak, aby mi umo\u017enila cestovat a b\u00fdt v\u00edce sob\u011bsta\u010dn\u00fd. Cht\u011bl bych s n\u00ed jezdit po r\u016fzn\u00fdch koutech na\u0161\u00ed Zem\u011b, sd\u00edlet s lidmi radost, sm\u00edch a n\u00e1dhern\u011b vtipn\u00e9 z\u00e1\u017eitky, kter\u00e9 nezastavily berle ani voz\u00edk. Mo\u017en\u00e1 mi nebudete v\u011b\u0159it, ale kr\u00e1sn\u00e9 p\u0159\u00edb\u011bhy a vesel\u00e9 situace jsem za\u017eil a za\u017e\u00edv\u00e1m pr\u00e1v\u011b proto, \u017ee m\u00e1m hendikep. \u017divot se sna\u017e\u00edm pro\u017e\u00edvat, ne p\u0159e\u017e\u00edvat.<\/p>\n\n\n\n<p>Platforma Donace, kter\u00e1 si z dar\u016f nebere \u017e\u00e1dn\u00e9 provize a funguje jen s dobrovoln\u00fdch p\u0159\u00edsp\u011bvk\u016f od d\u00e1rc\u016f, mi umo\u017enila spustit sb\u00edrku na po\u0159\u00edzen\u00ed obytn\u00e9 vestavby do dod\u00e1vky. Cel\u00fd p\u0159\u00edb\u011bh o m\u00e9m projektu se m\u016f\u017eete do\u010d\u00edst zde:<\/p>\n\n\n\n<figure class=\"wp-block-embed\"><div class=\"wp-block-embed__wrapper\">\nhttps:\/\/donace.cz\/s-berlemi-za-vami\n<\/div><\/figure>\n\n\n\n<p>Budu V\u00e1m moc vd\u011b\u010dn\u00fd za jakoukoliv podporu \u010di sd\u00edlen\u00ed. Dovoluji si v p\u0159\u00edloze zaslat propaga\u010dn\u00ed materi\u00e1ly. Byl bych moc r\u00e1d, kdybych mohl nav\u0161t\u00edvit Va\u0161i obec a popov\u00eddat si s ob\u010dany o sv\u00fdch z\u00e1\u017eitc\u00edch.&nbsp;<\/p>\n\n\n\n<p>S pozdravem Rom\u010da Fajmon&#8220;<\/p>\n\n\n\n<p>D\u011bkuji V\u00e1m a p\u0159eji hezk\u00fd den<\/p>\n\n\n\n<p>&#8212;<br>S pozdravem<\/p>\n\n\n\n<p>Eva Pazderov\u00e1<\/p>\n\n\n\n<p>starostka <strong>Obec Pust\u00e1 Rybn\u00e1<\/strong><\/p>\n\n\n\n<figure class=\"wp-block-image size-full\"><a href=\"https:\/\/www.obec-stasov.cz\/wp-content\/uploads\/2024\/10\/Blesmark-Pusta-rybna.jpg\"><img decoding=\"async\" loading=\"lazy\" width=\"496\" height=\"700\" src=\"https:\/\/www.obec-stasov.cz\/wp-content\/uploads\/2024\/10\/Blesmark-Pusta-rybna.jpg\" alt=\"\" class=\"wp-image-6441\" srcset=\"http:\/\/www.obec-stasov.cz\/wp-content\/uploads\/2024\/10\/Blesmark-Pusta-rybna.jpg 496w, http:\/\/www.obec-stasov.cz\/wp-content\/uploads\/2024\/10\/Blesmark-Pusta-rybna-213x300.jpg 213w\" sizes=\"(max-width: 496px) 100vw, 496px\" \/><\/a><\/figure>\n\n\n\n<figure class=\"wp-block-image size-full\"><a href=\"https:\/\/www.obec-stasov.cz\/wp-content\/uploads\/2024\/10\/Donace.jpg\"><img decoding=\"async\" loading=\"lazy\" width=\"603\" height=\"797\" src=\"https:\/\/www.obec-stasov.cz\/wp-content\/uploads\/2024\/10\/Donace.jpg\" alt=\"\" class=\"wp-image-6442\" srcset=\"http:\/\/www.obec-stasov.cz\/wp-content\/uploads\/2024\/10\/Donace.jpg 603w, http:\/\/www.obec-stasov.cz\/wp-content\/uploads\/2024\/10\/Donace-227x300.jpg 227w\" sizes=\"(max-width: 603px) 100vw, 603px\" \/><\/a><\/figure>\n","protected":false},"excerpt":{"rendered":"<p>Dobr\u00fd den,&nbsp; dovolte mi touto cestou pozvat nejen V\u00e1s, ale i ob\u010dany Va\u0161ich obc\u00ed na Ble\u0161mark konan\u00fd u n\u00e1s v Pust\u00e9 Rybn\u00e9 19. 10. 2024 od 13:00, na kter\u00fd bude od 17:00 navazovat beseda s cestovatelem Romanem Fajmonem, rod\u00e1kem z Pust\u00e9 Rybn\u00e9. Ob\u011b akce se konaj\u00ed na podporu Romana, pro kter\u00e9ho je spu\u0161t\u011bna sb\u00edrka na\u00a0https:\/\/donace.cz\/s-berlemi-za-vami. [&hellip;]<\/p>\n","protected":false},"author":4,"featured_media":0,"comment_status":"open","ping_status":"closed","sticky":false,"template":"","format":"standard","meta":{"footnotes":""},"categories":[2],"tags":[],"_links":{"self":[{"href":"http:\/\/www.obec-stasov.cz\/index.php?rest_route=\/wp\/v2\/posts\/6438"}],"collection":[{"href":"http:\/\/www.obec-stasov.cz\/index.php?rest_route=\/wp\/v2\/posts"}],"about":[{"href":"http:\/\/www.obec-stasov.cz\/index.php?rest_route=\/wp\/v2\/types\/post"}],"author":[{"embeddable":true,"href":"http:\/\/www.obec-stasov.cz\/index.php?rest_route=\/wp\/v2\/users\/4"}],"replies":[{"embeddable":true,"href":"http:\/\/www.obec-stasov.cz\/index.php?rest_route=%2Fwp%2Fv2%2Fcomments&post=6438"}],"version-history":[{"count":3,"href":"http:\/\/www.obec-stasov.cz\/index.php?rest_route=\/wp\/v2\/posts\/6438\/revisions"}],"predecessor-version":[{"id":6444,"href":"http:\/\/www.obec-stasov.cz\/index.php?rest_route=\/wp\/v2\/posts\/6438\/revisions\/6444"}],"wp:attachment":[{"href":"http:\/\/www.obec-stasov.cz\/index.php?rest_route=%2Fwp%2Fv2%2Fmedia&parent=6438"}],"wp:term":[{"taxonomy":"category","embeddable":true,"href":"http:\/\/www.obec-stasov.cz\/index.php?rest_route=%2Fwp%2Fv2%2Fcategories&post=6438"},{"taxonomy":"post_tag","embeddable":true,"href":"http:\/\/www.obec-stasov.cz\/index.php?rest_route=%2Fwp%2Fv2%2Ftags&post=6438"}],"curies":[{"name":"wp","href":"https:\/\/api.w.org\/{rel}","templated":true}]}}