{"id":6692,"date":"2025-04-06T16:50:33","date_gmt":"2025-04-06T14:50:33","guid":{"rendered":"https:\/\/www.obec-stasov.cz\/?p=6692"},"modified":"2025-04-06T16:50:35","modified_gmt":"2025-04-06T14:50:35","slug":"pozvanka-do-pozorovatelny-civilni-obrany-v-mikulovicich-u-pardubic","status":"publish","type":"post","link":"http:\/\/www.obec-stasov.cz\/?p=6692","title":{"rendered":"Pozv\u00e1nka do pozorovatelny civiln\u00ed obrany v Mikulovic\u00edch u\u00a0Pardubic"},"content":{"rendered":"\n<p>Na\u0161\u00edm dlouhodob\u00fdm c\u00edlem je roz\u0161\u00ed\u0159it pov\u011bdom\u00ed o zaj\u00edmav\u00fdch turistick\u00fdch c\u00edlech v Pardubick\u00e9m kraji. Jedn\u00edm z nich je&nbsp;<strong>pozorovatelna civiln\u00ed obrany<\/strong><br><strong>v Mikulovic\u00edch u Pardubic<\/strong>, kter\u00e1 je jedin\u00fdm ve\u0159ejn\u011b p\u0159\u00edstupn\u00fdm objektem sv\u00e9ho druhu v \u010cesk\u00e9 republice.<\/p>\n\n\n\n<p>Na\u0161\u00edm hlavn\u00edm posl\u00e1n\u00edm je sezn\u00e1mit n\u00e1v\u0161t\u011bvn\u00edky s histori\u00ed tohoto unik\u00e1tn\u00edho objektu a s v\u00fdznamem civiln\u00ed ochrany obyvatelstva. P\u0159i komentovan\u00fdch prohl\u00eddk\u00e1ch, trvaj\u00edc\u00edch p\u0159ibli\u017en\u011b jednu hodinu, jsou n\u00e1v\u0161t\u011bvn\u00edci aktivn\u011b zapojov\u00e1ni do pln\u011bn\u00ed r\u016fzn\u00fdch \u00fakol\u016f. K vid\u011bn\u00ed je autentick\u00e1 v\u00fdstroj a v\u00fdzbroj pozorovatelny. V r\u00e1mci prohl\u00eddky je tak\u00e9 mo\u017enost zakoupit ob\u010derstven\u00ed a n\u00e1poje. Dal\u0161\u00ed informace lze nal\u00e9zt na na\u0161ich&nbsp;<strong>Facebookov\u00fdch str\u00e1nk\u00e1ch<\/strong>&nbsp;pod n\u00e1zvem \u201ePozorovatelna civiln\u00ed obrany\u201c.<\/p>\n\n\n\n<p>V p\u0159\u00edloze V\u00e1m zas\u00edl\u00e1me&nbsp;<strong>pozv\u00e1nku na na\u0161i prvn\u00ed leto\u0161n\u00ed akci \u2013 slavnostn\u00ed otev\u0159en\u00ed pozorovatelny<\/strong>. Tato ud\u00e1lost je v\u00fdjime\u010dn\u00e1 nejen svou atmosf\u00e9rou, ale i bohat\u00fdm programem. K vid\u011bn\u00ed bude velk\u00e9 mno\u017estv\u00ed vojensk\u00e9 techniky, ryt\u00ed\u0159sk\u00e9 souboje a pro d\u011bti jsou p\u0159ipraveny sout\u011b\u017ee s drobn\u00fdmi d\u00e1rky. Z\u00e1rove\u0148 p\u0159ikl\u00e1d\u00e1me&nbsp;<strong>harmonogram akc\u00ed na leto\u0161n\u00ed rok<\/strong>.<\/p>\n\n\n\n<p><strong>Ing. Leo\u0161 Beran<\/strong><br>m\u00edstop\u0159edseda Military klubu Ost\u0159e\u0161any<\/p>\n\n\n\n<p><\/p>\n\n\n\n<figure class=\"wp-block-image size-large\"><a href=\"https:\/\/www.obec-stasov.cz\/wp-content\/uploads\/2025\/04\/Otevreni-26.-27.4.2025-11.png\"><img decoding=\"async\" loading=\"lazy\" width=\"724\" height=\"1024\" src=\"https:\/\/www.obec-stasov.cz\/wp-content\/uploads\/2025\/04\/Otevreni-26.-27.4.2025-11-724x1024.png\" alt=\"\" class=\"wp-image-6693\" srcset=\"http:\/\/www.obec-stasov.cz\/wp-content\/uploads\/2025\/04\/Otevreni-26.-27.4.2025-11-724x1024.png 724w, http:\/\/www.obec-stasov.cz\/wp-content\/uploads\/2025\/04\/Otevreni-26.-27.4.2025-11-212x300.png 212w, http:\/\/www.obec-stasov.cz\/wp-content\/uploads\/2025\/04\/Otevreni-26.-27.4.2025-11-768x1086.png 768w, http:\/\/www.obec-stasov.cz\/wp-content\/uploads\/2025\/04\/Otevreni-26.-27.4.2025-11-1086x1536.png 1086w, http:\/\/www.obec-stasov.cz\/wp-content\/uploads\/2025\/04\/Otevreni-26.-27.4.2025-11-1448x2048.png 1448w, http:\/\/www.obec-stasov.cz\/wp-content\/uploads\/2025\/04\/Otevreni-26.-27.4.2025-11.png 1587w\" sizes=\"(max-width: 724px) 100vw, 724px\" \/><\/a><\/figure>\n\n\n\n<figure class=\"wp-block-image size-full\"><a href=\"https:\/\/www.obec-stasov.cz\/wp-content\/uploads\/2025\/04\/Snimek-obrazovky-2025-04-06-164340.jpg\"><img decoding=\"async\" loading=\"lazy\" width=\"692\" height=\"697\" src=\"https:\/\/www.obec-stasov.cz\/wp-content\/uploads\/2025\/04\/Snimek-obrazovky-2025-04-06-164340.jpg\" alt=\"\" class=\"wp-image-6694\" srcset=\"http:\/\/www.obec-stasov.cz\/wp-content\/uploads\/2025\/04\/Snimek-obrazovky-2025-04-06-164340.jpg 692w, http:\/\/www.obec-stasov.cz\/wp-content\/uploads\/2025\/04\/Snimek-obrazovky-2025-04-06-164340-298x300.jpg 298w, http:\/\/www.obec-stasov.cz\/wp-content\/uploads\/2025\/04\/Snimek-obrazovky-2025-04-06-164340-150x150.jpg 150w\" sizes=\"(max-width: 692px) 100vw, 692px\" \/><\/a><\/figure>\n","protected":false},"excerpt":{"rendered":"<p>Na\u0161\u00edm dlouhodob\u00fdm c\u00edlem je roz\u0161\u00ed\u0159it pov\u011bdom\u00ed o zaj\u00edmav\u00fdch turistick\u00fdch c\u00edlech v Pardubick\u00e9m kraji. Jedn\u00edm z nich je&nbsp;pozorovatelna civiln\u00ed obranyv Mikulovic\u00edch u Pardubic, kter\u00e1 je jedin\u00fdm ve\u0159ejn\u011b p\u0159\u00edstupn\u00fdm objektem sv\u00e9ho druhu v \u010cesk\u00e9 republice. Na\u0161\u00edm hlavn\u00edm posl\u00e1n\u00edm je sezn\u00e1mit n\u00e1v\u0161t\u011bvn\u00edky s histori\u00ed tohoto unik\u00e1tn\u00edho objektu a s v\u00fdznamem civiln\u00ed ochrany obyvatelstva. P\u0159i komentovan\u00fdch prohl\u00eddk\u00e1ch, trvaj\u00edc\u00edch p\u0159ibli\u017en\u011b [&hellip;]<\/p>\n","protected":false},"author":4,"featured_media":0,"comment_status":"open","ping_status":"closed","sticky":false,"template":"","format":"standard","meta":{"footnotes":""},"categories":[2],"tags":[],"_links":{"self":[{"href":"http:\/\/www.obec-stasov.cz\/index.php?rest_route=\/wp\/v2\/posts\/6692"}],"collection":[{"href":"http:\/\/www.obec-stasov.cz\/index.php?rest_route=\/wp\/v2\/posts"}],"about":[{"href":"http:\/\/www.obec-stasov.cz\/index.php?rest_route=\/wp\/v2\/types\/post"}],"author":[{"embeddable":true,"href":"http:\/\/www.obec-stasov.cz\/index.php?rest_route=\/wp\/v2\/users\/4"}],"replies":[{"embeddable":true,"href":"http:\/\/www.obec-stasov.cz\/index.php?rest_route=%2Fwp%2Fv2%2Fcomments&post=6692"}],"version-history":[{"count":1,"href":"http:\/\/www.obec-stasov.cz\/index.php?rest_route=\/wp\/v2\/posts\/6692\/revisions"}],"predecessor-version":[{"id":6695,"href":"http:\/\/www.obec-stasov.cz\/index.php?rest_route=\/wp\/v2\/posts\/6692\/revisions\/6695"}],"wp:attachment":[{"href":"http:\/\/www.obec-stasov.cz\/index.php?rest_route=%2Fwp%2Fv2%2Fmedia&parent=6692"}],"wp:term":[{"taxonomy":"category","embeddable":true,"href":"http:\/\/www.obec-stasov.cz\/index.php?rest_route=%2Fwp%2Fv2%2Fcategories&post=6692"},{"taxonomy":"post_tag","embeddable":true,"href":"http:\/\/www.obec-stasov.cz\/index.php?rest_route=%2Fwp%2Fv2%2Ftags&post=6692"}],"curies":[{"name":"wp","href":"https:\/\/api.w.org\/{rel}","templated":true}]}}