{"id":6775,"date":"2025-06-02T11:11:59","date_gmt":"2025-06-02T09:11:59","guid":{"rendered":"https:\/\/www.obec-stasov.cz\/?p=6775"},"modified":"2025-06-02T11:12:00","modified_gmt":"2025-06-02T09:12:00","slug":"denni-stacionar-pro-seniory-v-bystrem-nabizi-sluzby-i-obyvatelum-stasova-a-okoli","status":"publish","type":"post","link":"http:\/\/www.obec-stasov.cz\/?p=6775","title":{"rendered":"DENN\u00cd STACION\u00c1\u0158 PRO SENIORY V BYSTR\u00c9M NAB\u00cdZ\u00cd SLU\u017dBY I OBYVATEL\u016eM STA\u0160OVA A OKOL\u00cd"},"content":{"rendered":"\n<p><strong><em>Denn\u00ed stacion\u00e1\u0159 pro seniory nab\u00edz\u00ed klient\u016fm dopravu do a ze stacion\u00e1\u0159e i nad\u00e1le zdarma.<\/em><\/strong><\/p>\n\n\n\n<p>Snahou stacion\u00e1\u0159e <strong><em>je odleh\u010dit rodin\u00e1m<\/em><\/strong> v p\u00e9\u010di o jejich bl\u00edzk\u00e9, p\u0159edev\u0161\u00e1m seniory. Klienti maj\u00ed zaji\u0161t\u011bnou pot\u0159ebnou p\u00e9\u010di b\u011bhem dne, <strong><em>nejsou osam\u011bl\u00ed, sv\u016fj voln\u00fd \u010das tr\u00e1v\u00ed smyslupln\u011b a aktivn\u011b.<\/em><\/strong> Podporujeme klienty tak, aby si zachovali svoje dovednosti a schopnosti co nejd\u00e9le.<\/p>\n\n\n\n<p>Stacion\u00e1\u0159 je ur\u010den lidem, kte\u0159\u00ed vzhledem k pohybov\u00e9mu \u010di jin\u00e9mu omezen\u00ed pot\u0159ebuj\u00ed dopomoc a p\u00e9\u010di druh\u00e9 osoby, nebo nemohou z\u016fstat sami ve sv\u00e9 dom\u00e1cnosti (pot\u0159eba p\u00e9\u010de, vlastn\u00ed bezpe\u010d\u00ed a re\u017eim dne &#8211; nap\u0159. p\u0159i syndromu demence) v dob\u011b, kdy je pe\u010duj\u00edc\u00ed v zam\u011bstn\u00e1n\u00ed nebo se osoba c\u00edt\u00ed osam\u011ble a nem\u00e1 dostatek kontakt\u016f.<\/p>\n\n\n\n<p>Pracovnice stacion\u00e1\u0159e je klientovi nabl\u00edzku a pom\u016f\u017ee v b\u011b\u017en\u00fdch situac\u00edch (obl\u00e9k\u00e1n\u00ed, pohyb, hygiena, stravov\u00e1n\u00ed,&#8230;), zajist\u00ed podporu b\u011bhem cel\u00e9 n\u00e1v\u0161t\u011bvy ve stacion\u00e1\u0159i. Mezi nej\u010dast\u011bj\u0161\u00ed aktivity pat\u0159\u00ed tr\u00e9nov\u00e1n\u00ed pam\u011bti, muzikoterapie, va\u0159en\u00ed, podpora komunikace, proch\u00e1zky, v\u00fdtvarn\u00fd program, cvi\u010den\u00ed, hran\u00ed her, zahradn\u00ed pr\u00e1ce&#8230;<\/p>\n\n\n\n<p>Klient m\u016f\u017ee stacion\u00e1\u0159 nav\u0161t\u011bvovat tak \u010dasto jak pot\u0159ebuje, jednou t\u00fddn\u011b, ale i ka\u017ed\u00fd den. <strong><em>Slu\u017ebu mohou vyu\u017e\u00edvat klienti, kte\u0159\u00ed pot\u0159ebuj\u00ed k pohybu voz\u00edk, klienti se syndromem demence, klienti, kte\u0159\u00ed se c\u00edt\u00ed osam\u011bl\u00ed.<\/em><\/strong> Rozsah pomoci je klient\u016fm sestaven \u201ena m\u00edru\u201c, aby bylo p\u0159ihl\u00e9dnuto nejen k jeho pot\u0159eb\u00e1m, ale i individualit\u011b. Klient si m\u016f\u017ee pobyt ve stacion\u00e1\u0159i vyzkou\u0161et, aby m\u011bl v\u011bt\u0161\u00ed p\u0159edstavu o tom, co v\u0161e mu m\u016f\u017ee stacion\u00e1\u0159 nab\u00eddnout.<\/p>\n\n\n\n<p>Denn\u00ed stacion\u00e1\u0159 je otev\u0159en ka\u017ed\u00fd v\u0161edn\u00ed den od 6.30 do 15.30 hod.<\/p>\n\n\n\n<p><strong><em>Kontakt<\/em><\/strong> : n\u00e1m. Na Podkov\u011b 68, Bystr\u00e9<\/p>\n\n\n\n<p>&nbsp;&nbsp;&nbsp;&nbsp;&nbsp;&nbsp;&nbsp;&nbsp;&nbsp; &nbsp;&nbsp;&nbsp;&nbsp;&nbsp; Martina St\u0159e\u0161\u0148\u00e1kov\u00e1, DiS, <a href=\"mailto:vedoucids@domovbystre.cz\">vedoucids@domovbystre.cz<\/a>, 722 358 855 Krom\u011b Denn\u00edho stacion\u00e1\u0159e realizujeme i <strong><em>Pe\u010dovatelskou slu\u017ebu<\/em><\/strong> v dom\u00e1cnosti klienta. Kontakt : Bc. Jana J\u00edlov\u00e1, <a href=\"mailto:vedoucips@domovbystre.cz\">vedoucips@domovbystre.cz<\/a>, 734 779 283<\/p>\n\n\n\n<figure class=\"wp-block-image\"><img decoding=\"async\" src=\"\" alt=\"\"\/><\/figure>\n","protected":false},"excerpt":{"rendered":"<p>Denn\u00ed stacion\u00e1\u0159 pro seniory nab\u00edz\u00ed klient\u016fm dopravu do a ze stacion\u00e1\u0159e i nad\u00e1le zdarma. Snahou stacion\u00e1\u0159e je odleh\u010dit rodin\u00e1m v p\u00e9\u010di o jejich bl\u00edzk\u00e9, p\u0159edev\u0161\u00e1m seniory. Klienti maj\u00ed zaji\u0161t\u011bnou pot\u0159ebnou p\u00e9\u010di b\u011bhem dne, nejsou osam\u011bl\u00ed, sv\u016fj voln\u00fd \u010das tr\u00e1v\u00ed smyslupln\u011b a aktivn\u011b. Podporujeme klienty tak, aby si zachovali svoje dovednosti a schopnosti co nejd\u00e9le. Stacion\u00e1\u0159 [&hellip;]<\/p>\n","protected":false},"author":4,"featured_media":0,"comment_status":"open","ping_status":"closed","sticky":false,"template":"","format":"standard","meta":{"footnotes":""},"categories":[2],"tags":[],"_links":{"self":[{"href":"http:\/\/www.obec-stasov.cz\/index.php?rest_route=\/wp\/v2\/posts\/6775"}],"collection":[{"href":"http:\/\/www.obec-stasov.cz\/index.php?rest_route=\/wp\/v2\/posts"}],"about":[{"href":"http:\/\/www.obec-stasov.cz\/index.php?rest_route=\/wp\/v2\/types\/post"}],"author":[{"embeddable":true,"href":"http:\/\/www.obec-stasov.cz\/index.php?rest_route=\/wp\/v2\/users\/4"}],"replies":[{"embeddable":true,"href":"http:\/\/www.obec-stasov.cz\/index.php?rest_route=%2Fwp%2Fv2%2Fcomments&post=6775"}],"version-history":[{"count":1,"href":"http:\/\/www.obec-stasov.cz\/index.php?rest_route=\/wp\/v2\/posts\/6775\/revisions"}],"predecessor-version":[{"id":6776,"href":"http:\/\/www.obec-stasov.cz\/index.php?rest_route=\/wp\/v2\/posts\/6775\/revisions\/6776"}],"wp:attachment":[{"href":"http:\/\/www.obec-stasov.cz\/index.php?rest_route=%2Fwp%2Fv2%2Fmedia&parent=6775"}],"wp:term":[{"taxonomy":"category","embeddable":true,"href":"http:\/\/www.obec-stasov.cz\/index.php?rest_route=%2Fwp%2Fv2%2Fcategories&post=6775"},{"taxonomy":"post_tag","embeddable":true,"href":"http:\/\/www.obec-stasov.cz\/index.php?rest_route=%2Fwp%2Fv2%2Ftags&post=6775"}],"curies":[{"name":"wp","href":"https:\/\/api.w.org\/{rel}","templated":true}]}}