{"id":951,"date":"2012-05-13T15:17:57","date_gmt":"2012-05-13T15:17:57","guid":{"rendered":"http:\/\/www.obec-stasov.cz\/?p=951"},"modified":"2012-05-13T15:17:57","modified_gmt":"2012-05-13T15:17:57","slug":"schvalena-zadost-o-dotaci-na-opravu-obecniho-uradu","status":"publish","type":"post","link":"http:\/\/www.obec-stasov.cz\/?p=951","title":{"rendered":"Schv\u00e1lena \u017e\u00e1dost o dotaci na opravu obecn\u00edho \u00fa\u0159adu"},"content":{"rendered":"<p>Ve st\u0159edu 10.5.2012 byly na str\u00e1nk\u00e1ch SZIF vyv\u011b\u0161eny schv\u00e1len\u00e9 \u017e\u00e1dosti o dotace z\u00a0programu Rozvoje venkova.<\/p>\n<p>\u00a0Obec Sta\u0161ov se um\u00edstila na prvn\u00edm m\u00edst\u011b oblasti Hradec Kr\u00e1lov\u00e9.\u00a0<\/p>\n<p>Schv\u00e1len\u00e1 dotace je ur\u010dena na kompletn\u00ed rekonstrukci budovy obecn\u00edho \u00fa\u0159adu s\u00a0jeho p\u0159ebudov\u00e1n\u00edm na multifunk\u010dn\u00ed budovu a p\u0159ilehl\u00e9ho d\u011btsk\u00e9ho h\u0159i\u0161t\u011b v\u00a0celkov\u00e9 hodnot\u011b 11.700 tis. K\u010d, z\u00a0\u010deho\u017e dotace \u010din\u00ed 7.860 tis. K\u010d. Zb\u00fdvaj\u00edc\u00ed \u010d\u00e1stka bude hrazena z\u00a0rozpo\u010dtu obce.<\/p>\n<p>Jedn\u00e1 se o nejvy\u0161\u0161\u00ed \u010d\u00e1stku dotace, kterou obec kdy z\u00edskala.<\/p>\n<p>\u017d\u00e1dost o tuto dotaci se p\u0159ipravovala\u00a0ji\u017e od roku 2009, kdy byla pod\u00e1na poprv\u00e9, bohu\u017eel bez \u00fasp\u011bchu.<\/p>\n<p>V\u00a0budov\u011b krom\u011b st\u00e1vaj\u00edc\u00edcho obecn\u00edho \u00fa\u0159adu a knihovny bude tak\u00e9 hasi\u010dsk\u00e1 zbrojnice, z\u00e1zem\u00ed pro sportovce a zam\u011bstnance obce, a zasedac\u00ed m\u00edstnost vyu\u017eiteln\u00e1 i pro kulturn\u00ed akce. Samoz\u0159ejmost\u00ed bude bezbari\u00e9rov\u00fd p\u0159\u00edstup do prostor obecn\u00edho \u00fa\u0159adu.<\/p>\n<p>Pr\u00e1ce by m\u011bli b\u00fdt zapo\u010daty v\u00a0\u010dervnu 2012 a ukon\u010deny v\u00a0prosinci 2013.<\/p>\n","protected":false},"excerpt":{"rendered":"<p>Ve st\u0159edu 10.5.2012 byly na str\u00e1nk\u00e1ch SZIF vyv\u011b\u0161eny schv\u00e1len\u00e9 \u017e\u00e1dosti o dotace z\u00a0programu Rozvoje venkova. \u00a0Obec Sta\u0161ov se um\u00edstila na prvn\u00edm m\u00edst\u011b oblasti Hradec Kr\u00e1lov\u00e9.\u00a0 Schv\u00e1len\u00e1 dotace je ur\u010dena na kompletn\u00ed rekonstrukci budovy obecn\u00edho \u00fa\u0159adu s\u00a0jeho p\u0159ebudov\u00e1n\u00edm na multifunk\u010dn\u00ed budovu a p\u0159ilehl\u00e9ho d\u011btsk\u00e9ho h\u0159i\u0161t\u011b v\u00a0celkov\u00e9 hodnot\u011b 11.700 tis. K\u010d, z\u00a0\u010deho\u017e dotace \u010din\u00ed 7.860 tis. K\u010d. [&hellip;]<\/p>\n","protected":false},"author":4,"featured_media":0,"comment_status":"open","ping_status":"closed","sticky":false,"template":"","format":"standard","meta":{"footnotes":""},"categories":[1],"tags":[],"_links":{"self":[{"href":"http:\/\/www.obec-stasov.cz\/index.php?rest_route=\/wp\/v2\/posts\/951"}],"collection":[{"href":"http:\/\/www.obec-stasov.cz\/index.php?rest_route=\/wp\/v2\/posts"}],"about":[{"href":"http:\/\/www.obec-stasov.cz\/index.php?rest_route=\/wp\/v2\/types\/post"}],"author":[{"embeddable":true,"href":"http:\/\/www.obec-stasov.cz\/index.php?rest_route=\/wp\/v2\/users\/4"}],"replies":[{"embeddable":true,"href":"http:\/\/www.obec-stasov.cz\/index.php?rest_route=%2Fwp%2Fv2%2Fcomments&post=951"}],"version-history":[{"count":3,"href":"http:\/\/www.obec-stasov.cz\/index.php?rest_route=\/wp\/v2\/posts\/951\/revisions"}],"predecessor-version":[{"id":954,"href":"http:\/\/www.obec-stasov.cz\/index.php?rest_route=\/wp\/v2\/posts\/951\/revisions\/954"}],"wp:attachment":[{"href":"http:\/\/www.obec-stasov.cz\/index.php?rest_route=%2Fwp%2Fv2%2Fmedia&parent=951"}],"wp:term":[{"taxonomy":"category","embeddable":true,"href":"http:\/\/www.obec-stasov.cz\/index.php?rest_route=%2Fwp%2Fv2%2Fcategories&post=951"},{"taxonomy":"post_tag","embeddable":true,"href":"http:\/\/www.obec-stasov.cz\/index.php?rest_route=%2Fwp%2Fv2%2Ftags&post=951"}],"curies":[{"name":"wp","href":"https:\/\/api.w.org\/{rel}","templated":true}]}}